{"id":111345,"date":"2026-08-11T12:34:36","date_gmt":"2026-08-11T15:34:36","guid":{"rendered":"https:\/\/ativanautica.com.br\/blog\/?p=111345"},"modified":"2026-08-13T08:05:14","modified_gmt":"2026-08-13T11:05:14","slug":"quando-substituir-o-colete-salva-vidas-veja-os-sinais","status":"publish","type":"post","link":"https:\/\/ativanautica.com.br\/blog\/blog\/quando-substituir-o-colete-salva-vidas-veja-os-sinais\/","title":{"rendered":"Quando Substituir o Colete Salva-Vidas? Veja os Sinais"},"content":{"rendered":"\n<p class=\"wp-block-paragraph\">O colete salva-vidas \u00e9 um equipamento fundamental para a seguran\u00e7a durante a navega\u00e7\u00e3o. Por isso, al\u00e9m de escolher um modelo adequado para a atividade, \u00e9 importante acompanhar suas condi\u00e7\u00f5es de conserva\u00e7\u00e3o e identificar quando chegou o momento de substitu\u00ed-lo.<\/p>\n\n\n\n<p class=\"has-link-color wp-elements-1 wp-block-paragraph\">A legisla\u00e7\u00e3o da <a href=\"https:\/\/www.marinha.mil.br\/\" data-type=\"link\" data-id=\"https:\/\/www.marinha.mil.br\/\" target=\"_blank\" rel=\"noopener noreferrer nofollow\"><mark style=\"color:#0693e3\" class=\"has-inline-color\">Marinha do Brasil<\/mark><\/a> por meio das Normas da Autoridade Mar\u00edtima (como a <a href=\"https:\/\/assets.marinha.mil.br\/cfs\/sites\/www.marinha.mil.br.cfs\/files\/NORMAM-03_DPC.REV_.1_MOD4.pdf\" target=\"_blank\" rel=\"noreferrer noopener\"><mark style=\"color:#0693e3\" class=\"has-inline-color\">NORMAM-03\/DPC<\/mark><\/a>) n\u00e3o estabelece um prazo de validade fixo para o colete salva-vidas. Isso significa que a necessidade de substitui\u00e7\u00e3o n\u00e3o est\u00e1 necessariamente relacionada ao tempo de uso do equipamento, mas principalmente \u00e0s suas condi\u00e7\u00f5es de conserva\u00e7\u00e3o, utiliza\u00e7\u00e3o e integridade.<\/p>\n\n\n\n<h4 class=\"wp-block-heading\">Como saber se o colete precisa ser substitu\u00eddo?<\/h4>\n\n\n\n<p class=\"has-link-color wp-elements-2 wp-block-paragraph\">Antes de cada utiliza\u00e7\u00e3o, \u00e9 importante realizar uma inspe\u00e7\u00e3o visual no colete. Pequenos <a href=\"https:\/\/www.instagram.com\/p\/DLvYMiqObJh\/?utm_source=ig_web_copy_link&amp;igsh=MzRlODBiNWFlZA==\" data-type=\"link\" data-id=\"https:\/\/www.instagram.com\/p\/DLvYMiqObJh\/?utm_source=ig_web_copy_link&amp;igsh=MzRlODBiNWFlZA==\" target=\"_blank\" rel=\"noopener noreferrer nofollow\"><mark style=\"color:#0693e3\" class=\"has-inline-color\">sinais de desgaste <\/mark><\/a>podem indicar que o equipamento j\u00e1 n\u00e3o est\u00e1 em condi\u00e7\u00f5es adequadas para oferecer a prote\u00e7\u00e3o esperada.<br>Alguns pontos merecem aten\u00e7\u00e3o:<\/p>\n\n\n\n<p class=\"wp-block-paragraph\"><strong>Costuras<\/strong><br>Verifique se existem costuras abertas, rompidas ou desfiadas. Como elas s\u00e3o respons\u00e1veis por manter diferentes partes do equipamento unidas, qualquer dano pode comprometer sua estrutura.<br><br><strong>Espuma de flutua\u00e7\u00e3o<\/strong><br>A espuma deve permanecer \u00edntegra, sem deforma\u00e7\u00f5es, cortes, rasgos ou sinais de deteriora\u00e7\u00e3o. Altera\u00e7\u00f5es nesse material podem comprometer a capacidade de flutua\u00e7\u00e3o do colete.<br><br><strong>Fechos, fivelas e tiras<\/strong><br>Confira se os fechos e fivelas est\u00e3o funcionando corretamente e se as tiras permanecem firmes e bem fixadas. Componentes danificados ou que n\u00e3o proporcionam um ajuste adequado podem comprometer a utiliza\u00e7\u00e3o do equipamento.<br><br><strong>Tiras refletivas<\/strong><br>Observe as condi\u00e7\u00f5es das tiras refletivas, verificando se est\u00e3o bem fixadas e sem desgaste excessivo. Caso estejam danificadas ou comprometidas, o colete deve ser avaliado para determinar a necessidade de substitui\u00e7\u00e3o.<br><br><strong>Desgaste geral<\/strong><br>O uso frequente, a exposi\u00e7\u00e3o ao sol, o contato com \u00e1gua salgada, produtos qu\u00edmicos e o armazenamento inadequado podem contribuir para o desgaste dos materiais ao longo do tempo.<\/p>\n\n\n\n<p class=\"wp-block-paragraph\">Por isso, mesmo que o colete n\u00e3o apresente um prazo de validade definido, ele deve ser substitu\u00eddo sempre que apresentar sinais de deteriora\u00e7\u00e3o que possam comprometer seu desempenho.<\/p>\n\n\n\n<div class=\"wp-block-group is-nowrap is-layout-flex wp-container-core-group-is-layout-f56f613f wp-block-group-is-layout-flex\">\n<div class=\"wp-block-columns is-layout-flex wp-container-core-columns-is-layout-f56f613f wp-block-columns-is-layout-flex\">\n<div class=\"wp-block-column is-layout-flow wp-block-column-is-layout-flow\" style=\"flex-basis:100%\">\n<div class=\"wp-block-columns is-layout-flex wp-container-core-columns-is-layout-f56f613f wp-block-columns-is-layout-flex\">\n<div class=\"wp-block-column is-layout-flow wp-block-column-is-layout-flow\">\n<figure class=\"wp-block-image size-large\"><img fetchpriority=\"high\" decoding=\"async\" width=\"819\" height=\"1024\" src=\"https:\/\/ativanautica.com.br\/blog\/wp-content\/uploads\/2026\/08\/seguranca-nao-vence.-mas-pode-se-desgastar-819x1024.png\" alt=\"\" class=\"wp-image-111349\" srcset=\"https:\/\/ativanautica.com.br\/blog\/wp-content\/uploads\/2026\/08\/seguranca-nao-vence.-mas-pode-se-desgastar-819x1024.png 819w, https:\/\/ativanautica.com.br\/blog\/wp-content\/uploads\/2026\/08\/seguranca-nao-vence.-mas-pode-se-desgastar-240x300.png 240w, https:\/\/ativanautica.com.br\/blog\/wp-content\/uploads\/2026\/08\/seguranca-nao-vence.-mas-pode-se-desgastar-768x960.png 768w, https:\/\/ativanautica.com.br\/blog\/wp-content\/uploads\/2026\/08\/seguranca-nao-vence.-mas-pode-se-desgastar.png 384w\" sizes=\"(max-width: 819px) 100vw, 819px\" \/><\/figure>\n<\/div>\n\n\n\n<div class=\"wp-block-column is-layout-flow wp-block-column-is-layout-flow\">\n<figure class=\"wp-block-image size-large\"><img decoding=\"async\" width=\"819\" height=\"1024\" src=\"https:\/\/ativanautica.com.br\/blog\/wp-content\/uploads\/2026\/08\/seguranca-nao-vence.-mas-pode-se-desgastar.-2-819x1024.png\" alt=\"\" class=\"wp-image-111368\" srcset=\"https:\/\/ativanautica.com.br\/blog\/wp-content\/uploads\/2026\/08\/seguranca-nao-vence.-mas-pode-se-desgastar.-2-819x1024.png 819w, https:\/\/ativanautica.com.br\/blog\/wp-content\/uploads\/2026\/08\/seguranca-nao-vence.-mas-pode-se-desgastar.-2-240x300.png 240w, https:\/\/ativanautica.com.br\/blog\/wp-content\/uploads\/2026\/08\/seguranca-nao-vence.-mas-pode-se-desgastar.-2-768x960.png 768w, https:\/\/ativanautica.com.br\/blog\/wp-content\/uploads\/2026\/08\/seguranca-nao-vence.-mas-pode-se-desgastar.-2.png 384w\" sizes=\"(max-width: 819px) 100vw, 819px\" \/><\/figure>\n<\/div>\n<\/div>\n<\/div>\n<\/div>\n<\/div>\n\n\n\n<h4 class=\"wp-block-heading\">Como aumentar a vida \u00fatil do colete salva-vidas?<\/h4>\n\n\n\n<p class=\"wp-block-paragraph\">A conserva\u00e7\u00e3o adequada contribui para manter o equipamento em boas condi\u00e7\u00f5es por mais tempo. Alguns cuidados simples podem fazer a diferen\u00e7a:<br><br>&#8211; Ap\u00f3s o uso, principalmente em \u00e1gua salgada, lave o colete com \u00e1gua doce;<br>&#8211; Deixe o equipamento secar completamente antes de armazen\u00e1-lo;<br>&#8211; Evite guardar o colete em locais \u00famidos ou expostos diretamente ao sol;<br>&#8211; N\u00e3o utilize produtos ou m\u00e9todos de limpeza que possam danificar seus materiais;<br>&#8211; Evite armazenar objetos pesados sobre o colete;<br>&#8211; Realize inspe\u00e7\u00f5es peri\u00f3dicas, mesmo quando o equipamento n\u00e3o estiver sendo utilizado com frequ\u00eancia.<\/p>\n\n\n\n<h4 class=\"wp-block-heading\">Seguran\u00e7a come\u00e7a pela preven\u00e7\u00e3o<\/h4>\n\n\n\n<p class=\"has-link-color wp-elements-3 wp-block-paragraph\"><a href=\"https:\/\/www.instagram.com\/p\/DMa1n8cOSWE\/?utm_source=ig_web_copy_link&amp;igsh=MzRlODBiNWFlZA==\" data-type=\"link\" data-id=\"https:\/\/www.instagram.com\/p\/DMa1n8cOSWE\/?utm_source=ig_web_copy_link&amp;igsh=MzRlODBiNWFlZA==\" target=\"_blank\" rel=\"noopener noreferrer nofollow\"><mark style=\"color:#0693e3\" class=\"has-inline-color\">Antes de navegar<\/mark><\/a>, verifique costuras, espuma, fechos, tiras e o estado geral do seu colete. Se identificar qualquer sinal de desgaste ou comprometimento, substitua o equipamento.<\/p>\n\n\n\n<p class=\"wp-block-paragraph\">Um colete bem conservado faz toda a diferen\u00e7a quando a seguran\u00e7a \u00e9 prioridade. Cuidar do seu equipamento \u00e9 tamb\u00e9m cuidar de quem est\u00e1 a bordo.<\/p>\n\n\n\n<p class=\"has-link-color wp-elements-4 wp-block-paragraph\">Na <a href=\"https:\/\/ativanautica.com.br\/\" data-type=\"link\" data-id=\"https:\/\/ativanautica.com.br\/\" target=\"_blank\" rel=\"noopener noreferrer nofollow\"><mark style=\"color:#0693e3\" class=\"has-inline-color\">Ativa N\u00e1utica<\/mark><\/a>, voc\u00ea encontra coletes salva-vidas para diferentes necessidades, com op\u00e7\u00f5es para adultos, crian\u00e7as, beb\u00eas e pets.<br>Renove seu equipamento e navegue com a prote\u00e7\u00e3o que voc\u00ea pode confiar!!<\/p>\n\n\n\n<p class=\"wp-block-paragraph\"><\/p>\n","protected":false},"excerpt":{"rendered":"<p>O colete salva-vidas \u00e9 um equipamento fundamental para a seguran\u00e7a durante a navega\u00e7\u00e3o. Por isso, al\u00e9m de escolher um modelo adequado para a atividade, \u00e9 importante acompanhar suas condi\u00e7\u00f5es de conserva\u00e7\u00e3o e identificar quando chegou o momento de substitu\u00ed-lo. A legisla\u00e7\u00e3o da Marinha do Brasil por meio das Normas da Autoridade Mar\u00edtima (como a NORMAM-03\/DPC) [&hellip;]<\/p>\n","protected":false},"author":36,"featured_media":111346,"comment_status":"open","ping_status":"open","sticky":false,"template":"","format":"standard","meta":{"_joinchat":[],"footnotes":""},"categories":[3,15,16],"tags":[198,14,226,321],"class_list":["post-111345","post","type-post","status-publish","format-standard","has-post-thumbnail","hentry","category-blog","category-colete-salva-vidas","category-dica-de-seguranca","tag-ativa-nautica","tag-blog","tag-coletes-salva-vidas","tag-seguranca"],"_links":{"self":[{"href":"https:\/\/ativanautica.com.br\/blog\/wp-json\/wp\/v2\/posts\/111345","targetHints":{"allow":["GET"]}}],"collection":[{"href":"https:\/\/ativanautica.com.br\/blog\/wp-json\/wp\/v2\/posts"}],"about":[{"href":"https:\/\/ativanautica.com.br\/blog\/wp-json\/wp\/v2\/types\/post"}],"author":[{"embeddable":true,"href":"https:\/\/ativanautica.com.br\/blog\/wp-json\/wp\/v2\/users\/36"}],"replies":[{"embeddable":true,"href":"https:\/\/ativanautica.com.br\/blog\/wp-json\/wp\/v2\/comments?post=111345"}],"version-history":[{"count":12,"href":"https:\/\/ativanautica.com.br\/blog\/wp-json\/wp\/v2\/posts\/111345\/revisions"}],"predecessor-version":[{"id":111371,"href":"https:\/\/ativanautica.com.br\/blog\/wp-json\/wp\/v2\/posts\/111345\/revisions\/111371"}],"wp:featuredmedia":[{"embeddable":true,"href":"https:\/\/ativanautica.com.br\/blog\/wp-json\/wp\/v2\/media\/111346"}],"wp:attachment":[{"href":"https:\/\/ativanautica.com.br\/blog\/wp-json\/wp\/v2\/media?parent=111345"}],"wp:term":[{"taxonomy":"category","embeddable":true,"href":"https:\/\/ativanautica.com.br\/blog\/wp-json\/wp\/v2\/categories?post=111345"},{"taxonomy":"post_tag","embeddable":true,"href":"https:\/\/ativanautica.com.br\/blog\/wp-json\/wp\/v2\/tags?post=111345"}],"curies":[{"name":"wp","href":"https:\/\/api.w.org\/{rel}","templated":true}]}}